{"id":1349,"date":"2023-06-15T17:17:00","date_gmt":"2023-06-15T15:17:00","guid":{"rendered":"https:\/\/klimapaktfirbetriber.lu\/bienvenue-sur-la-nouvelle-plateforme-klimapakt-fir-betriber\/"},"modified":"2023-09-13T11:29:44","modified_gmt":"2023-09-13T09:29:44","slug":"willkommen-auf-der-neuen-klimapakt-fir-betriber-plattform","status":"publish","type":"post","link":"https:\/\/www.klimapaktfirbetriber.lu\/de\/willkommen-auf-der-neuen-klimapakt-fir-betriber-plattform\/","title":{"rendered":"Willkommen auf der neuen Klimapakt fir Betriber Plattform"},"content":{"rendered":"\n<h2 class=\"wp-block-heading has-light-green-background-color has-background\">klimpaktfirbetriber.lu: Den Weg zur Dekarbonisierung und zum Energiewandel erleichtern<\/h2>\n\n\n\n<p>Entdecken Sie die neue Plattform der Regierungsinitiative Klimapakt fir Betriber, deren Ziel es ist, die luxemburgischen Unternehmen bei der Dekarbonisierung und dem Energiewandel zu unterst\u00fctzen.<\/p>\n\n\n\n<p>Betrieben von Klima-Agence und Luxinnovation in Partnerschaft mit den betroffenen Sektoren, bietet diese Plattform den Unternehmen, die sich daf\u00fcr engagieren, eine ansprechende und leicht zug\u00e4ngliche Unterst\u00fctzung: Beratung, Ma\u00dfnahmenkatalog, Hilfsmittel, Informationen \u00fcber die Finanzierung Ihrer Investitionen und Kontaktaufnahme mit den wichtigsten Beteiligten und Unternehmen.<\/p>\n\n\n\n<p>Auf der Plattform finden Sie einen Ma\u00dfnahmenkatalog mit gezielten standardisierten und technischen L\u00f6sungen, die luxemburgische Unternehmen, sowohl kleine als auch gro\u00dfe, umsetzen k\u00f6nnen. Die Ma\u00dfnahmen k\u00f6nnen je nach Umfang variieren: von der Installation einer Photovoltaikanlage bis hin zur Optimierung der Heizungsanlage oder einer umfassenden Analyse der Energiesituation.<\/p>\n\n\n\n<p>Lassen Sie sich von den bew\u00e4hrten Praxisbeispielen inspirieren, die bereits von Unternehmen umgesetzt wurden.<\/p>\n\n\n\n<div class=\"wp-block-buttons is-content-justification-center is-layout-flex wp-container-core-buttons-is-layout-16018d1d wp-block-buttons-is-layout-flex\">\n<div class=\"wp-block-button\"><a class=\"wp-block-button__link has-text-align-center wp-element-button\" href=\"https:\/\/klimapaktfirbetriber.lu\/mesures\/\" target=\"_blank\" rel=\"noreferrer noopener\">Ma\u00dfnahmen entdecken<\/a><\/div>\n<\/div>\n","protected":false},"excerpt":{"rendered":"<p>klimpaktfirbetriber.lu: Den Weg zur Dekarbonisierung und zum Energiewandel erleichtern Entdecken Sie die neue Plattform der Regierungsinitiative Klimapakt fir Betriber, deren Ziel es ist, die luxemburgischen Unternehmen bei der Dekarbonisierung und dem Energiewandel zu unterst\u00fctzen. Betrieben von Klima-Agence und Luxinnovation in Partnerschaft mit den betroffenen Sektoren, bietet diese Plattform den Unternehmen, die sich daf\u00fcr engagieren, eine [&hellip;]<\/p>\n","protected":false},"author":3,"featured_media":944,"comment_status":"closed","ping_status":"open","sticky":false,"template":"","format":"standard","meta":{"_acf_changed":false,"footnotes":""},"categories":[93],"tags":[],"class_list":["post-1349","post","type-post","status-publish","format-standard","has-post-thumbnail","hentry","category-actualites-de"],"acf":[],"_links":{"self":[{"href":"https:\/\/www.klimapaktfirbetriber.lu\/de\/wp-json\/wp\/v2\/posts\/1349","targetHints":{"allow":["GET"]}}],"collection":[{"href":"https:\/\/www.klimapaktfirbetriber.lu\/de\/wp-json\/wp\/v2\/posts"}],"about":[{"href":"https:\/\/www.klimapaktfirbetriber.lu\/de\/wp-json\/wp\/v2\/types\/post"}],"author":[{"embeddable":true,"href":"https:\/\/www.klimapaktfirbetriber.lu\/de\/wp-json\/wp\/v2\/users\/3"}],"replies":[{"embeddable":true,"href":"https:\/\/www.klimapaktfirbetriber.lu\/de\/wp-json\/wp\/v2\/comments?post=1349"}],"version-history":[{"count":3,"href":"https:\/\/www.klimapaktfirbetriber.lu\/de\/wp-json\/wp\/v2\/posts\/1349\/revisions"}],"predecessor-version":[{"id":1353,"href":"https:\/\/www.klimapaktfirbetriber.lu\/de\/wp-json\/wp\/v2\/posts\/1349\/revisions\/1353"}],"wp:featuredmedia":[{"embeddable":true,"href":"https:\/\/www.klimapaktfirbetriber.lu\/de\/wp-json\/wp\/v2\/media\/944"}],"wp:attachment":[{"href":"https:\/\/www.klimapaktfirbetriber.lu\/de\/wp-json\/wp\/v2\/media?parent=1349"}],"wp:term":[{"taxonomy":"category","embeddable":true,"href":"https:\/\/www.klimapaktfirbetriber.lu\/de\/wp-json\/wp\/v2\/categories?post=1349"},{"taxonomy":"post_tag","embeddable":true,"href":"https:\/\/www.klimapaktfirbetriber.lu\/de\/wp-json\/wp\/v2\/tags?post=1349"}],"curies":[{"name":"wp","href":"https:\/\/api.w.org\/{rel}","templated":true}]}}