{"id":1915,"date":"2023-09-08T15:36:29","date_gmt":"2023-09-08T13:36:29","guid":{"rendered":"https:\/\/klimapaktfirbetriber.lu\/quatrieme-roadshow-klimapakt-fir-betriber-a-echternach\/"},"modified":"2023-09-13T11:28:33","modified_gmt":"2023-09-13T09:28:33","slug":"vierte-roadshow-klimapakt-fir-betriber-in-echternach","status":"publish","type":"post","link":"https:\/\/www.klimapaktfirbetriber.lu\/de\/vierte-roadshow-klimapakt-fir-betriber-in-echternach\/","title":{"rendered":"Vierte Roadshow Klimapakt fir Betriber in Echternach"},"content":{"rendered":"\n<p>In einer freundlichen und \u00e4sthetischen Atmosph\u00e4re im Showroom des Unternehmens Burelbach Landschafts- und Gartendesign fand die vierte Sitzung der Roadshow Klimapakt fir Betriber statt. Die Veranstaltung wurde von Klima-Agence der Unterst\u00fctzung des lokalen Partners Natur- und Geoparks M\u00ebllerdall und Luxinnovation GIE organisiert.<\/p>\n\n\n\n<p>Die Veranstaltung begann mit Einf\u00fchrungen von Klima-Agence und der Gemeinde Echternach, gefolgt von einer Pr\u00e4sentation der Instrumente des Klimapakt fir Betriber durch Experten von Luxinnovation, House of Sustainability und Klima-Agence.<\/p>\n\n\n\n<p>Anschlie\u00dfend teilten lokale Unternehmen ihre praktischen Erfahrungen mit der Dekarbonisierung und der Energiewende.<\/p>\n\n\n\n<ul class=\"wp-block-list\">\n<li>Eurocamping Nommerlayen hob seine Ladeinfrastruktur f\u00fcr Elektrofahrzeuge hervor, die den Bau eines elektrischen Transformators sowie die Nutzung von Solarthermie und einer W\u00e4rmepumpe zur Beheizung seines Pools umfasst.<\/li>\n\n\n\n<li>Mondo del caffe teilte seine Erfahrungen mit der Installation seiner Photovoltaikanlage, die trotz anf\u00e4nglicher Schwierigkeiten mit der Stabilit\u00e4t des Geb\u00e4udes ein Erfolg war. Das Unternehmen betonte auch sein Engagement f\u00fcr Nachhaltigkeit in der Kaffee-Lieferkette.<\/li>\n\n\n\n<li>Die Firma Burelbach Landschafts- und Gartendesign schloss diesen Teil der Pr\u00e4sentationen mir einfem Rundgang durch ihre neuen R\u00e4umlichkeiten ab, die als Gesamtprojekt vom Wirtschaftsministerium subventioniert wurden. Au\u00dferdem stellten sie ihre zuk\u00fcnftigen Pl\u00e4ne in Bezug auf Photovoltaik und Elektromobilit\u00e4t vor.<\/li>\n<\/ul>\n\n\n\n<figure class=\"wp-block-gallery has-nested-images columns-default is-cropped wp-block-gallery-1 is-layout-flex wp-block-gallery-is-layout-flex\">\n<figure class=\"wp-block-image size-large\"><img decoding=\"async\" width=\"1024\" height=\"535\" data-id=\"1907\" src=\"https:\/\/klimapaktfirbetriber.lu\/wp-content\/uploads\/2023\/09\/10-1024x535.jpg\" alt=\"\" class=\"wp-image-1907\" srcset=\"https:\/\/www.klimapaktfirbetriber.lu\/wp-content\/uploads\/2023\/09\/10-1024x535.jpg 1024w, https:\/\/www.klimapaktfirbetriber.lu\/wp-content\/uploads\/2023\/09\/10-300x157.jpg 300w, https:\/\/www.klimapaktfirbetriber.lu\/wp-content\/uploads\/2023\/09\/10-768x401.jpg 768w, https:\/\/www.klimapaktfirbetriber.lu\/wp-content\/uploads\/2023\/09\/10-1536x803.jpg 1536w, https:\/\/www.klimapaktfirbetriber.lu\/wp-content\/uploads\/2023\/09\/10.jpg 1646w\" sizes=\"(max-width: 1024px) 100vw, 1024px\" \/><\/figure>\n\n\n\n<figure class=\"wp-block-image size-large\"><img decoding=\"async\" width=\"1024\" height=\"535\" data-id=\"1904\" src=\"https:\/\/klimapaktfirbetriber.lu\/wp-content\/uploads\/2023\/09\/9-1024x535.jpg\" alt=\"\" class=\"wp-image-1904\" srcset=\"https:\/\/www.klimapaktfirbetriber.lu\/wp-content\/uploads\/2023\/09\/9-1024x535.jpg 1024w, https:\/\/www.klimapaktfirbetriber.lu\/wp-content\/uploads\/2023\/09\/9-300x157.jpg 300w, https:\/\/www.klimapaktfirbetriber.lu\/wp-content\/uploads\/2023\/09\/9-768x401.jpg 768w, https:\/\/www.klimapaktfirbetriber.lu\/wp-content\/uploads\/2023\/09\/9-1536x803.jpg 1536w, https:\/\/www.klimapaktfirbetriber.lu\/wp-content\/uploads\/2023\/09\/9.jpg 1646w\" sizes=\"(max-width: 1024px) 100vw, 1024px\" \/><\/figure>\n\n\n\n<figure class=\"wp-block-image size-large\"><img decoding=\"async\" width=\"1024\" height=\"535\" data-id=\"1901\" src=\"https:\/\/klimapaktfirbetriber.lu\/wp-content\/uploads\/2023\/09\/8-1024x535.jpg\" alt=\"\" class=\"wp-image-1901\" srcset=\"https:\/\/www.klimapaktfirbetriber.lu\/wp-content\/uploads\/2023\/09\/8-1024x535.jpg 1024w, https:\/\/www.klimapaktfirbetriber.lu\/wp-content\/uploads\/2023\/09\/8-300x157.jpg 300w, https:\/\/www.klimapaktfirbetriber.lu\/wp-content\/uploads\/2023\/09\/8-768x401.jpg 768w, https:\/\/www.klimapaktfirbetriber.lu\/wp-content\/uploads\/2023\/09\/8-1536x803.jpg 1536w, https:\/\/www.klimapaktfirbetriber.lu\/wp-content\/uploads\/2023\/09\/8.jpg 1646w\" sizes=\"(max-width: 1024px) 100vw, 1024px\" \/><\/figure>\n<\/figure>\n\n\n\n<p>Eine Austauschrunde bot den Teilnehmern schlie\u00dflich die M\u00f6glichkeit, direkt mit Experten der Programme Fit4 Sustainability und SME-Packages zu sprechen.<\/p>\n\n\n\n<div class=\"wp-block-buttons is-content-justification-center is-layout-flex wp-container-core-buttons-is-layout-16018d1d wp-block-buttons-is-layout-flex\">\n<div class=\"wp-block-button\"><a class=\"wp-block-button__link wp-element-button\" href=\"https:\/\/klimapaktfirbetriber.lu\/de\/seances-dinformation-klimapakt-fir-betriber\/\" target=\"_blank\" rel=\"noreferrer noopener\">Entdecken Sie die n\u00e4chsten Roadshow-Termine<\/a><\/div>\n<\/div>\n","protected":false},"excerpt":{"rendered":"<p>In einer freundlichen und \u00e4sthetischen Atmosph\u00e4re im Showroom des Unternehmens Burelbach Landschafts- und Gartendesign fand die vierte Sitzung der Roadshow Klimapakt fir Betriber statt. Die Veranstaltung wurde von Klima-Agence der Unterst\u00fctzung des lokalen Partners Natur- und Geoparks M\u00ebllerdall und Luxinnovation GIE organisiert. Die Veranstaltung begann mit Einf\u00fchrungen von Klima-Agence und der Gemeinde Echternach, gefolgt von [&hellip;]<\/p>\n","protected":false},"author":3,"featured_media":1908,"comment_status":"closed","ping_status":"open","sticky":false,"template":"","format":"standard","meta":{"_acf_changed":false,"footnotes":""},"categories":[93],"tags":[],"class_list":["post-1915","post","type-post","status-publish","format-standard","has-post-thumbnail","hentry","category-actualites-de"],"acf":[],"_links":{"self":[{"href":"https:\/\/www.klimapaktfirbetriber.lu\/de\/wp-json\/wp\/v2\/posts\/1915","targetHints":{"allow":["GET"]}}],"collection":[{"href":"https:\/\/www.klimapaktfirbetriber.lu\/de\/wp-json\/wp\/v2\/posts"}],"about":[{"href":"https:\/\/www.klimapaktfirbetriber.lu\/de\/wp-json\/wp\/v2\/types\/post"}],"author":[{"embeddable":true,"href":"https:\/\/www.klimapaktfirbetriber.lu\/de\/wp-json\/wp\/v2\/users\/3"}],"replies":[{"embeddable":true,"href":"https:\/\/www.klimapaktfirbetriber.lu\/de\/wp-json\/wp\/v2\/comments?post=1915"}],"version-history":[{"count":3,"href":"https:\/\/www.klimapaktfirbetriber.lu\/de\/wp-json\/wp\/v2\/posts\/1915\/revisions"}],"predecessor-version":[{"id":1922,"href":"https:\/\/www.klimapaktfirbetriber.lu\/de\/wp-json\/wp\/v2\/posts\/1915\/revisions\/1922"}],"wp:featuredmedia":[{"embeddable":true,"href":"https:\/\/www.klimapaktfirbetriber.lu\/de\/wp-json\/wp\/v2\/media\/1908"}],"wp:attachment":[{"href":"https:\/\/www.klimapaktfirbetriber.lu\/de\/wp-json\/wp\/v2\/media?parent=1915"}],"wp:term":[{"taxonomy":"category","embeddable":true,"href":"https:\/\/www.klimapaktfirbetriber.lu\/de\/wp-json\/wp\/v2\/categories?post=1915"},{"taxonomy":"post_tag","embeddable":true,"href":"https:\/\/www.klimapaktfirbetriber.lu\/de\/wp-json\/wp\/v2\/tags?post=1915"}],"curies":[{"name":"wp","href":"https:\/\/api.w.org\/{rel}","templated":true}]}}