{"id":2492150,"date":"2026-01-19T11:18:42","date_gmt":"2026-01-19T10:18:42","guid":{"rendered":"https:\/\/www.klimapaktfirbetriber.lu\/lancement-de-nouveaux-appels-a-projets-visant-a-soutenir-les-entreprises-pour-financer-des-bornes-de-charge\/"},"modified":"2026-01-22T15:39:25","modified_gmt":"2026-01-22T14:39:25","slug":"lancement-de-nouveaux-appels-a-projets-visant-a-soutenir-les-entreprises-pour-financer-des-bornes-de-charge","status":"publish","type":"post","link":"https:\/\/www.klimapaktfirbetriber.lu\/en\/lancement-de-nouveaux-appels-a-projets-visant-a-soutenir-les-entreprises-pour-financer-des-bornes-de-charge\/","title":{"rendered":"Lancement de nouveaux appels \u00e0 projets visant \u00e0 soutenir les entreprises pour financer des bornes de charge"},"content":{"rendered":"\n<p><em>Communiqu\u00e9 de presse du Minist\u00e8re de l&#8217;\u00c9conomie<\/em><\/p>\n\n\n\n<p>Le minist\u00e8re de l&#8217;\u00c9conomie lance deux nouveaux appels \u00e0 projets destin\u00e9s \u00e0 encourager les entreprises \u00e0 investir dans des infrastructures de charge pour v\u00e9hicules \u00e9lectriques. Ces appels sont ouverts depuis le 15 janvier 2026. L&#8217;objectif global est d&#8217;\u00e9viter l&#8217;apparition de lacunes dans le r\u00e9seau national et de pr\u00e9parer l&#8217;\u00e9lectrification progressive du transport lourd.<\/p>\n\n\n\n<p>Le premier appel \u00e0 projets, dot\u00e9 d&#8217;un budget maximal de 7 millions d&#8217;euros, est r\u00e9serv\u00e9 aux bornes de charge en courant alternatif (AC) principalement des points de charge lente jusqu&#8217;\u00e0 22 kW, adapt\u00e9s aux zones urbaines, p\u00e9riurbaines ou proches de centres commerciaux. Les projets doivent comprendre des bornes accessibles au public ou priv\u00e9es et disposer d&#8217;une capacit\u00e9 de charge totale d&#8217;au moins 175 kilowatts. Les entreprises s\u00e9lectionn\u00e9es pourront b\u00e9n\u00e9ficier d&#8217;une subvention couvrant jusqu&#8217;\u00e0 50% de leur investissement. Cet appel \u00e0 projets est ouvert du 15 janvier au 15 juin 2026.<\/p>\n\n\n\n<p>Le deuxi\u00e8me appel \u00e0 projets, dot\u00e9 d&#8217;un budget maximal de 5 millions d&#8217;euros, est r\u00e9serv\u00e9 aux infrastructures de charge d\u00e9di\u00e9es aux v\u00e9hicules utilitaires lourds des cat\u00e9gories N2-3 et M2-3, c&#8217;est-\u00e0-dire des v\u00e9hicules dont la masse maximale autoris\u00e9e d\u00e9passe 3,5 tonnes, con\u00e7us pour le transport de marchandises ou de personnes, et dont la demande devrait fortement augmenter dans les prochaines ann\u00e9es. Les projets doivent comprendre des infrastructures de charge accessibles au public ou priv\u00e9es et disposer d&#8217;une capacit\u00e9 de charge totale d&#8217;au moins 175 kilowatts. Les entreprises s\u00e9lectionn\u00e9es pourront b\u00e9n\u00e9ficier d&#8217;une subvention couvrant jusqu&#8217;\u00e0 70% de leur investissement. Cet appel est ouvert du 15 janvier au 31 mars 2026.<\/p>\n\n\n\n<p class=\"has-light-green-background-color has-background\">Le ministre de l&#8217;\u00c9conomie, des PME, de l&#8217;\u00c9nergie et du Tourisme, Lex Delles, souligne: &#8220;Ces deux appels \u00e0 projets visent \u00e0 renforcer le r\u00e9seau de recharge \u00e9lectrique au Grand-Duch\u00e9 et \u00e0 anticiper les besoins futurs, notamment au niveau des v\u00e9hicules utilitaires, pour l&#8217;acquisition desquels un appel \u00e0 projets s\u00e9par\u00e9 sera prochainement.&#8221;<\/p>\n\n\n\n<p>Les entreprises int\u00e9ress\u00e9es, quelle que soit leur taille, sont invit\u00e9es \u00e0 soumettre leurs projets via MyGuichet.lu \u00e0 partir du 15 janvier 2026. Les cahiers des charges d\u00e9taillant les conditions de participation sont disponibles sur Guichet.lu:<\/p>\n\n\n\n<ul class=\"wp-block-list\">\n<li><a href=\"http:\/\/guichet.public.lu\/fr\/entreprises\/financement-aides\/infrastr-vehic-electriques\/aide-infrastructures-charge-appel-projets.html\" target=\"_blank\" rel=\"noreferrer noopener\">https:\/\/guichet.public.lu\/fr\/entreprises\/financement-aides\/infrastr-vehic-electriques\/aide-infrastructures-charge-appel-projets.html<\/a><\/li>\n\n\n\n<li><a href=\"http:\/\/guichet.public.lu\/fr\/entreprises\/financement-aides\/infrastr-vehic-electriques\/aide-infrastructures-charge-appel-projets-utilitaires-lourds.html\" target=\"_blank\" rel=\"noreferrer noopener\">https:\/\/guichet.public.lu\/fr\/entreprises\/financement-aides\/infrastr-vehic-electriques\/aide-infrastructures-charge-appel-projets-utilitaires-lourds.html<\/a>\u00a0<\/li>\n<\/ul>\n\n\n\n<p>Les entreprises sont encourag\u00e9es \u00e0 gratuitement faire appel \u00e0 l&#8217;expertise de Luxinnovation et de&nbsp;Klima-Agence&nbsp;afin de b\u00e9n\u00e9ficier d&#8217;un soutien dans la conception et la r\u00e9alisation de leurs projets.<\/p>\n\n\n\n<p>Au cours des six derniers appels \u00e0 projets, lanc\u00e9s depuis juillet 2022 jusqu&#8217;\u00e0 ce jour, 132 projets ont \u00e9t\u00e9 retenus, avec une aide accord\u00e9e de 23.712.867,92 euros, permettant l&#8217;installation de 1.857 bornes, pour une capacit\u00e9 totale de 111.559 kW.<\/p>\n","protected":false},"excerpt":{"rendered":"<p>Communiqu\u00e9 de presse du Minist\u00e8re de l&#8217;\u00c9conomie Le minist\u00e8re de l&#8217;\u00c9conomie lance deux nouveaux appels \u00e0 projets destin\u00e9s \u00e0 encourager les entreprises \u00e0 investir dans des infrastructures de charge pour v\u00e9hicules \u00e9lectriques. Ces appels sont ouverts depuis le 15 janvier 2026. L&#8217;objectif global est d&#8217;\u00e9viter l&#8217;apparition de lacunes dans le r\u00e9seau national et de pr\u00e9parer [&hellip;]<\/p>\n","protected":false},"author":3,"featured_media":2494747,"comment_status":"closed","ping_status":"closed","sticky":false,"template":"","format":"standard","meta":{"_acf_changed":false,"footnotes":""},"categories":[59],"tags":[],"class_list":["post-2492150","post","type-post","status-publish","format-standard","has-post-thumbnail","hentry","category-news"],"acf":[],"_links":{"self":[{"href":"https:\/\/www.klimapaktfirbetriber.lu\/en\/wp-json\/wp\/v2\/posts\/2492150","targetHints":{"allow":["GET"]}}],"collection":[{"href":"https:\/\/www.klimapaktfirbetriber.lu\/en\/wp-json\/wp\/v2\/posts"}],"about":[{"href":"https:\/\/www.klimapaktfirbetriber.lu\/en\/wp-json\/wp\/v2\/types\/post"}],"author":[{"embeddable":true,"href":"https:\/\/www.klimapaktfirbetriber.lu\/en\/wp-json\/wp\/v2\/users\/3"}],"replies":[{"embeddable":true,"href":"https:\/\/www.klimapaktfirbetriber.lu\/en\/wp-json\/wp\/v2\/comments?post=2492150"}],"version-history":[{"count":1,"href":"https:\/\/www.klimapaktfirbetriber.lu\/en\/wp-json\/wp\/v2\/posts\/2492150\/revisions"}],"predecessor-version":[{"id":2494763,"href":"https:\/\/www.klimapaktfirbetriber.lu\/en\/wp-json\/wp\/v2\/posts\/2492150\/revisions\/2494763"}],"wp:featuredmedia":[{"embeddable":true,"href":"https:\/\/www.klimapaktfirbetriber.lu\/en\/wp-json\/wp\/v2\/media\/2494747"}],"wp:attachment":[{"href":"https:\/\/www.klimapaktfirbetriber.lu\/en\/wp-json\/wp\/v2\/media?parent=2492150"}],"wp:term":[{"taxonomy":"category","embeddable":true,"href":"https:\/\/www.klimapaktfirbetriber.lu\/en\/wp-json\/wp\/v2\/categories?post=2492150"},{"taxonomy":"post_tag","embeddable":true,"href":"https:\/\/www.klimapaktfirbetriber.lu\/en\/wp-json\/wp\/v2\/tags?post=2492150"}],"curies":[{"name":"wp","href":"https:\/\/api.w.org\/{rel}","templated":true}]}}